{"id":129,"date":"2022-04-06T14:40:14","date_gmt":"2022-04-06T12:40:14","guid":{"rendered":"https:\/\/www.buehnen.pl\/blog\/?p=129"},"modified":"2022-04-06T14:42:22","modified_gmt":"2022-04-06T12:42:22","slug":"targi-packaging-innovation-2022-w-warszawie","status":"publish","type":"post","link":"https:\/\/www.buehnen.pl\/blog\/targi-packaging-innovation-2022-w-warszawie\/","title":{"rendered":"Targi Packaging Innovation 2022 w Warszawie"},"content":{"rendered":"\n<p><a rel=\"noreferrer noopener\" href=\"https:\/\/newsletter.buehnen.de\/-link2\/12683\/1308\/2\/12\/2\/HQ6NnvTb\/vHVoGcEDm3\/0\" target=\"_blank\"><\/a><a href=\"https:\/\/newsletter.buehnen.de\/-link2\/12683\/1308\/2\/12\/2\/HQ6NnvTb\/vHVoGcEDm3\/0\"><\/a><a rel=\"noreferrer noopener\" href=\"https:\/\/newsletter.buehnen.de\/-link2\/12683\/1308\/2\/12\/2\/HQ6NnvTb\/vHVoGcEDm3\/0\" target=\"_blank\"><\/a>Je\u017celi jeste\u015bcie w\u0142a\u015bnie w trakcie poszukiwa\u0144 kleju do \u0142\u0105czenia r\u00f3\u017cnych materia\u0142\u00f3w, koniecznie powinni\u015bcie odwiedzi\u0107 nasze stoisko <strong>B22<\/strong> na targach <strong>Packaging Innovation<\/strong> w Warszawie w terminie<br><strong>30.05 i 1.6.2022.<\/strong><\/p>\n\n\n\n<figure class=\"wp-block-image size-large\"><img decoding=\"async\" src=\"https:\/\/packaging2022.exposupport.pl\/FileManager\/image\/f56dfc863d1b4eb0b2b630fd4f23f7a0\/2022\/bcspi2022.jpg\" alt=\"\"\/><\/figure>\n\n\n\n<p>Na targach znajd\u0105 Pa\u0144stwo rozwi\u0105zanie do swojego projektu z zakresu <strong>klej\u00f3w termotopliwych i techniki aplikacji klej\u00f3w Hotmelt<\/strong>.<\/p>\n\n\n\n<p>Nasi do\u015bwiadczeni pracownicy s\u0142u\u017c\u0105 pomoc\u0105 i fachow\u0105 wiedz\u0105 w doborze klej\u00f3w. W ofercie posiadamy oko\u0142o 3000 klej\u00f3w na gor\u0105co. Opr\u00f3cz tego oferujemy urz\u0105dzenia do aplikacji od najmniejszego i najprostszego pistoletu <strong><a rel=\"noreferrer noopener\" href=\"https:\/\/newsletter.buehnen.de\/-link2\/12683\/1308\/4\/14\/2\/HQ6NnvTb\/vHVoGcEDm3\/0\" target=\"_blank\">HB 181<\/a><\/strong> do zaawansowanych urz\u0105dze\u0144 topi\u0105cych klej np aplikator <strong><a rel=\"noreferrer noopener\" href=\"https:\/\/newsletter.buehnen.de\/-link2\/12683\/1308\/6\/16\/2\/HQ6NnvTb\/vHVoGcEDm3\/0\" target=\"_blank\">MELER MICRON PLUS<\/a><\/strong>. Przedstawiamy naszym klientom kompletne rozwi\u0105zania dobieraj\u0105c do konkretnych zastosowa\u0144 odpowiedni klej oraz urz\u0105dzenia do jego nanoszenia.<br>Posiadamy r\u00f3wnie\u017c <strong>kompetentny dzia\u0142 serwisu<\/strong>, kt\u00f3ry s\u0142u\u017cy doradztwem w zakresie eksploatacji i doboru urz\u0105dze\u0144 B\u00dcHNEN, Meler i innych producent\u00f3w.<br>Jednym s\u0142owem jest to kompleksowe doradztwo B\u00dcHNEN w zakresie klej\u00f3w i urz\u0105dze\u0144 w jednym miejscu!<\/p>\n\n\n\n<p>Zapraszamy na nasze stoisko <strong>B22<\/strong> i prezentacj\u0119 nowej serii klej\u00f3w nature o wysokiej zawarto\u015bci surowc\u00f3w odnawialnych (do 50%) co sprawia, \u017ce kleje te s\u0105 wyj\u0105tkowo bezpieczne dla \u015brodowiska.<br><br>Aby jak najszybciej do nas dotrze\u0107, wy\u015blemy Pa\u0144stwu gratis wej\u015bci\u00f3wk\u0119 \/ <a rel=\"noreferrer noopener\" href=\"https:\/\/newsletter.buehnen.de\/-link2\/12683\/1308\/8\/30\/2\/HQ6NnvTb\/vHVoGcEDm3\/0\" target=\"_blank\">Bilet wst\u0119pu<\/a>.<\/p>\n","protected":false},"excerpt":{"rendered":"<p>Je\u017celi jeste\u015bcie w\u0142a\u015bnie w trakcie poszukiwa\u0144 kleju do \u0142\u0105czenia r\u00f3\u017cnych materia\u0142\u00f3w, koniecznie powinni\u015bcie odwiedzi\u0107 nasze stoisko B22 na targach Packaging Innovation w Warszawie w terminie30.05 i 1.6.2022. Na targach znajd\u0105 Pa\u0144stwo rozwi\u0105zanie do swojego projektu z zakresu klej\u00f3w termotopliwych i techniki aplikacji klej\u00f3w Hotmelt. Nasi do\u015bwiadczeni pracownicy s\u0142u\u017c\u0105 pomoc\u0105 i fachow\u0105 wiedz\u0105 w doborze klej\u00f3w. W ofercie posiadamy oko\u0142o 3000 [&hellip;]<\/p>\n","protected":false},"author":1,"featured_media":0,"comment_status":"open","ping_status":"open","sticky":false,"template":"","format":"standard","meta":{"jetpack_post_was_ever_published":false,"_jetpack_newsletter_access":"","_jetpack_dont_email_post_to_subs":false,"_jetpack_newsletter_tier_id":0,"_jetpack_memberships_contains_paywalled_content":false,"_jetpack_memberships_contains_paid_content":false,"footnotes":"","jetpack_publicize_message":"","jetpack_publicize_feature_enabled":true,"jetpack_social_post_already_shared":false,"jetpack_social_options":{"image_generator_settings":{"template":"highway","default_image_id":0,"font":"","enabled":false},"version":2}},"categories":[8],"tags":[],"class_list":["post-129","post","type-post","status-publish","format-standard","hentry","category-nowy"],"jetpack_publicize_connections":[],"jetpack_featured_media_url":"","jetpack_sharing_enabled":true,"jetpack_likes_enabled":true,"_links":{"self":[{"href":"https:\/\/www.buehnen.pl\/blog\/wp-json\/wp\/v2\/posts\/129","targetHints":{"allow":["GET"]}}],"collection":[{"href":"https:\/\/www.buehnen.pl\/blog\/wp-json\/wp\/v2\/posts"}],"about":[{"href":"https:\/\/www.buehnen.pl\/blog\/wp-json\/wp\/v2\/types\/post"}],"author":[{"embeddable":true,"href":"https:\/\/www.buehnen.pl\/blog\/wp-json\/wp\/v2\/users\/1"}],"replies":[{"embeddable":true,"href":"https:\/\/www.buehnen.pl\/blog\/wp-json\/wp\/v2\/comments?post=129"}],"version-history":[{"count":4,"href":"https:\/\/www.buehnen.pl\/blog\/wp-json\/wp\/v2\/posts\/129\/revisions"}],"predecessor-version":[{"id":134,"href":"https:\/\/www.buehnen.pl\/blog\/wp-json\/wp\/v2\/posts\/129\/revisions\/134"}],"wp:attachment":[{"href":"https:\/\/www.buehnen.pl\/blog\/wp-json\/wp\/v2\/media?parent=129"}],"wp:term":[{"taxonomy":"category","embeddable":true,"href":"https:\/\/www.buehnen.pl\/blog\/wp-json\/wp\/v2\/categories?post=129"},{"taxonomy":"post_tag","embeddable":true,"href":"https:\/\/www.buehnen.pl\/blog\/wp-json\/wp\/v2\/tags?post=129"}],"curies":[{"name":"wp","href":"https:\/\/api.w.org\/{rel}","templated":true}]}}