{"id":175,"date":"2023-03-28T10:10:38","date_gmt":"2023-03-28T08:10:38","guid":{"rendered":"https:\/\/www.buehnen.pl\/blog\/?p=175"},"modified":"2023-06-02T11:17:11","modified_gmt":"2023-06-02T09:17:11","slug":"czym-jest-klejenie","status":"publish","type":"post","link":"https:\/\/www.buehnen.pl\/blog\/czym-jest-klejenie\/","title":{"rendered":"Czym jest klejenie?"},"content":{"rendered":"\n<p>Klejenie to jedna z najstarszych i najwa\u017cniejszych technik w kulturze ludzko\u015bci. Stosowane kiedy\u015b substancje klej\u0105ce, jak ma\u017a brzozowa, umo\u017cliwia\u0142y naszym przodkom tworzenie broni i narz\u0119dzi, aby stawi\u0107 czo\u0142a wrogiemu otoczeniu.<\/p>\n\n\n\n<h2 class=\"wp-block-heading\"><strong>Z biegiem czasu klejenie by\u0142o stale rozwijane:<\/strong><\/h2>\n\n\n<div class=\"wp-block-image\">\n<figure class=\"alignright size-full is-resized\"><img loading=\"lazy\" decoding=\"async\" src=\"https:\/\/www.buehnen.pl\/blog\/wp-content\/uploads\/2023\/03\/103_neu-636x1024-1.jpg\" alt=\"\" class=\"wp-image-177\" width=\"159\" height=\"256\" srcset=\"https:\/\/www.buehnen.pl\/blog\/wp-content\/uploads\/2023\/03\/103_neu-636x1024-1.jpg 636w, https:\/\/www.buehnen.pl\/blog\/wp-content\/uploads\/2023\/03\/103_neu-636x1024-1-186x300.jpg 186w\" sizes=\"auto, (max-width: 159px) 100vw, 159px\" \/><figcaption class=\"wp-element-caption\">W\u0142\u00f3cznie ze smo\u0142y brzozowej<\/figcaption><\/figure>\n<\/div>\n\n\n<ul class=\"wp-block-list\">\n<li>najstarszy klej i uszczelniacz: ziemia gliniasta<\/li>\n\n\n\n<li>Okres neolitu: Asfalt (smo\u0142a ziemna), \u017cywice drzewne i smo\u0142a drzewna\n<ul class=\"wp-block-list\">\n<li>5000 lat temu: Ma\u017a brzozowa \u2013 Ten wczesny klej nie wyst\u0119puje naturalnie, lecz musia\u0142 zosta\u0107 wyprodukowany.<\/li>\n\n\n\n<li>Sumerowie wytwarzali klej z gotowanych sk\u00f3r zwierz\u0119cych.<\/li>\n<\/ul>\n<\/li>\n\n\n\n<li>1500 lat p.n.e.: Egipcjanie wytwarzaj\u0105 klej do forniru z produkt\u00f3w odpadowych pochodzenia zwierz\u0119cego, a wosk pszczeli jest u\u017cywany do klej\u00f3w rzemie\u015blniczych.<\/li>\n\n\n\n<li>Grecy i Rzymianie u\u017cywali r\u00f3\u017cnych klej\u00f3w w czasach staro\u017cytnych. W Grecji narodzi\u0142 si\u0119 zaw\u00f3d klejarza. Klej zawieraj\u0105cy bia\u0142ko nazywa si\u0119 \u201ecolla\u201d.<\/li>\n\n\n\n<li>P\u00f3\u017ane \u015bredniowiecze: Kleje stosowane s\u0105 do druku typograficznego do oprawy ok\u0142adek i grzbiet\u00f3w.<\/li>\n\n\n\n<li>1690: Powstaje pierwsza fabryka kleju w Holandii.<\/li>\n\n\n\n<li>1754: Zg\u0142oszony zostaje pierwszy patent na klej (klej rybny).<\/li>\n\n\n\n<li>1909: Baekeland zg\u0142asza patent na klej oparty na syntetycznie produkowanych surowcach.<\/li>\n<\/ul>\n\n\n<div class=\"wp-block-image\">\n<figure class=\"alignleft size-full is-resized\"><img loading=\"lazy\" decoding=\"async\" src=\"https:\/\/www.buehnen.pl\/blog\/wp-content\/uploads\/2023\/03\/33_unt_kleb_buch-786x1024-1.jpg\" alt=\"\" class=\"wp-image-178\" width=\"197\" height=\"256\" srcset=\"https:\/\/www.buehnen.pl\/blog\/wp-content\/uploads\/2023\/03\/33_unt_kleb_buch-786x1024-1.jpg 786w, https:\/\/www.buehnen.pl\/blog\/wp-content\/uploads\/2023\/03\/33_unt_kleb_buch-786x1024-1-230x300.jpg 230w, https:\/\/www.buehnen.pl\/blog\/wp-content\/uploads\/2023\/03\/33_unt_kleb_buch-786x1024-1-768x1001.jpg 768w\" sizes=\"auto, (max-width: 197px) 100vw, 197px\" \/><\/figure>\n<\/div>\n\n\n<p>Chemicy, fizycy i in\u017cynierowie badali wp\u0142yw si\u0142 adhezji i kohezji, struktur\u0119 makrocz\u0105steczkow\u0105 substancji klej\u0105cych, doskonalili znane surowce i w ko\u0144cu znale\u017ali w \u017cywicach syntetycznych podstaw\u0119 do tworzenia coraz bardziej wydajnych klej\u00f3w syntetycznych.<\/p>\n\n\n\n<p><a href=\"https:\/\/www.buehnen.de\/service\/glossar\/kleben-erklaert\" target=\"_blank\" rel=\"noreferrer noopener\">Jak dzia\u0142a klejenie za pomoc\u0105 klej\u00f3w Hot Melt, wyja\u015bnimy w naszym glosariuszu.<\/a><\/p>\n","protected":false},"excerpt":{"rendered":"<p>2 wiek by\u0142 innowacyjny pod wzgl\u0119dem rozwoju klej\u00f3w. Ale na czym dok\u0142adnie polega klejenie?<\/p>\n","protected":false},"author":2,"featured_media":176,"comment_status":"open","ping_status":"open","sticky":false,"template":"","format":"standard","meta":{"jetpack_post_was_ever_published":false,"_jetpack_newsletter_access":"","_jetpack_dont_email_post_to_subs":false,"_jetpack_newsletter_tier_id":0,"_jetpack_memberships_contains_paywalled_content":false,"_jetpack_memberships_contains_paid_content":false,"footnotes":"","jetpack_publicize_message":"","jetpack_publicize_feature_enabled":true,"jetpack_social_post_already_shared":true,"jetpack_social_options":{"image_generator_settings":{"template":"highway","default_image_id":0,"font":"","enabled":false},"version":2}},"categories":[4,7,28],"tags":[],"class_list":["post-175","post","type-post","status-publish","format-standard","has-post-thumbnail","hentry","category-kleje","category-spotlight","category-termin-fachowy-na-wtorek"],"jetpack_publicize_connections":[],"jetpack_featured_media_url":"https:\/\/www.buehnen.pl\/blog\/wp-content\/uploads\/2023\/03\/Birkenpech-1024x728-1.jpg","jetpack_sharing_enabled":true,"jetpack_likes_enabled":true,"_links":{"self":[{"href":"https:\/\/www.buehnen.pl\/blog\/wp-json\/wp\/v2\/posts\/175","targetHints":{"allow":["GET"]}}],"collection":[{"href":"https:\/\/www.buehnen.pl\/blog\/wp-json\/wp\/v2\/posts"}],"about":[{"href":"https:\/\/www.buehnen.pl\/blog\/wp-json\/wp\/v2\/types\/post"}],"author":[{"embeddable":true,"href":"https:\/\/www.buehnen.pl\/blog\/wp-json\/wp\/v2\/users\/2"}],"replies":[{"embeddable":true,"href":"https:\/\/www.buehnen.pl\/blog\/wp-json\/wp\/v2\/comments?post=175"}],"version-history":[{"count":3,"href":"https:\/\/www.buehnen.pl\/blog\/wp-json\/wp\/v2\/posts\/175\/revisions"}],"predecessor-version":[{"id":185,"href":"https:\/\/www.buehnen.pl\/blog\/wp-json\/wp\/v2\/posts\/175\/revisions\/185"}],"wp:featuredmedia":[{"embeddable":true,"href":"https:\/\/www.buehnen.pl\/blog\/wp-json\/wp\/v2\/media\/176"}],"wp:attachment":[{"href":"https:\/\/www.buehnen.pl\/blog\/wp-json\/wp\/v2\/media?parent=175"}],"wp:term":[{"taxonomy":"category","embeddable":true,"href":"https:\/\/www.buehnen.pl\/blog\/wp-json\/wp\/v2\/categories?post=175"},{"taxonomy":"post_tag","embeddable":true,"href":"https:\/\/www.buehnen.pl\/blog\/wp-json\/wp\/v2\/tags?post=175"}],"curies":[{"name":"wp","href":"https:\/\/api.w.org\/{rel}","templated":true}]}}