{"id":23,"date":"2022-01-05T08:39:00","date_gmt":"2022-01-05T07:39:00","guid":{"rendered":"https:\/\/www.buehnen.pl\/blog\/?p=23"},"modified":"2021-11-26T09:28:37","modified_gmt":"2021-11-26T08:28:37","slug":"bezpieczne-opakowania-w-zgodzie-z-natura-nowe-kartony","status":"publish","type":"post","link":"https:\/\/www.buehnen.pl\/blog\/bezpieczne-opakowania-w-zgodzie-z-natura-nowe-kartony\/","title":{"rendered":"Bezpieczne opakowania w zgodzie z natur\u0105 \/ Nowe kartony"},"content":{"rendered":"\n<blockquote class=\"wp-block-quote is-layout-flow wp-block-quote-is-layout-flow\"><p>Aby wydepta\u0107 jak\u0105\u015b \u015bcie\u017ck\u0119, nale\u017cy ni\u0105 najpierw przej\u015b\u0107.<\/p><\/blockquote>\n\n\n\n<p>Obecnie to ma\u0142e kroki sprawiaj\u0105, \u017ce procesy w B\u00dcHNEN staj\u0105 si\u0119 coraz bardziej zr\u00f3wnowa\u017cone. Ju\u017c od dawna pakujemy komponenty techniczne w br\u0105zow\u0105 zamiast w bia\u0142\u0105 tektur\u0119.<\/p>\n\n\n\n<div class=\"wp-block-image\"><figure class=\"alignright size-large is-resized\"><img loading=\"lazy\" decoding=\"async\" src=\"https:\/\/www.buehnen.de\/blog\/wp-content\/uploads\/2021\/10\/20211008_075413-1024x834.jpg\" alt=\"\" class=\"wp-image-458\" width=\"458\" height=\"373\"\/><\/figure><\/div>\n\n\n\n<p>Kleje Hot Melt nadal pakowane s\u0105 w bia\u0142e kartony. Do teraz! <strong>W przysz\u0142o\u015bci bia\u0142e kartony zostan\u0105 stopniowo zast\u0105pione br\u0105zowymi. <\/strong>Bia\u0142y kolor opakowania ma walory estetyczne. Podj\u0119li\u015bmy decyzj\u0119, \u017ce zamiast na wygl\u0105d zewn\u0119trzny naszych opakowa\u0144 stawia\u0107 b\u0119dziemy na oszcz\u0119dzanie zasob\u00f3w.<\/p>\n\n\n\n<p>Minie troch\u0119 czasu, zanim zmiana ta b\u0119dzie widoczna. Zostanie ona wprowadzona dopiero po wyczerpaniu zapas\u00f3w bia\u0142ych karton\u00f3w.<\/p>\n\n\n\n<p><strong>Bezpieczne opakowanie z avenia B3771 nature <\/strong><strong><\/strong><\/p>\n\n\n\n<p>Kolejny krok w kierunku bardziej zr\u00f3wnowa\u017conej przysz\u0142o\u015bci: Urz\u0105dzenia pakowane w kartony w zak\u0142adzie w Bremie s\u0105 od pocz\u0105tku pa\u017adziernika zamykane nowy klejem Hot Melt na bazie organicznej, <strong><a href=\"https:\/\/www.buehnen.pl\/kleje\/niskich-temperatur\/b3771-detail\" data-type=\"URL\" data-id=\"https:\/\/www.buehnen.pl\/kleje\/niskich-temperatur\/b3771-detail\">avenia B3771 nature<\/a><\/strong>.<\/p>\n\n\n\n<p> <a href=\"https:\/\/www.buehnen.pl\/kontakt-pl\" data-type=\"URL\" data-id=\"https:\/\/www.buehnen.pl\/kontakt-pl\" target=\"_blank\" rel=\"noreferrer noopener\"><strong>Chcesz zam\u00f3wi\u0107 pr\u00f3bk\u0119?<\/strong><\/a><\/p>\n\n\n\n<figure class=\"wp-block-image size-large\"><img decoding=\"async\" src=\"https:\/\/www.buehnen.de\/blog\/wp-content\/uploads\/2021\/10\/Nature_gross_2-1024x307.jpg\" alt=\"\" class=\"wp-image-462\"\/><\/figure>\n\n\n\n<p><\/p>\n","protected":false},"excerpt":{"rendered":"<p>Kiedy robimy wiele ma\u0142ych krok\u00f3w, staje si\u0119 to jednym wielkim ruchem. W przysz\u0142o\u015bci przekszta\u0142cimy opakowania tekturowe.<\/p>\n","protected":false},"author":2,"featured_media":28,"comment_status":"open","ping_status":"open","sticky":false,"template":"","format":"standard","meta":{"jetpack_post_was_ever_published":false,"_jetpack_newsletter_access":"","_jetpack_dont_email_post_to_subs":false,"_jetpack_newsletter_tier_id":0,"_jetpack_memberships_contains_paywalled_content":false,"_jetpack_memberships_contains_paid_content":false,"footnotes":"","jetpack_publicize_message":"","jetpack_publicize_feature_enabled":true,"jetpack_social_post_already_shared":false,"jetpack_social_options":{"image_generator_settings":{"template":"highway","default_image_id":0,"font":"","enabled":false},"version":2}},"categories":[4,1],"tags":[],"class_list":["post-23","post","type-post","status-publish","format-standard","has-post-thumbnail","hentry","category-kleje","category-ogolne"],"jetpack_publicize_connections":[],"jetpack_featured_media_url":"https:\/\/www.buehnen.pl\/blog\/wp-content\/uploads\/2021\/10\/green-1968590-900x280-1.png","jetpack_sharing_enabled":true,"jetpack_likes_enabled":true,"_links":{"self":[{"href":"https:\/\/www.buehnen.pl\/blog\/wp-json\/wp\/v2\/posts\/23","targetHints":{"allow":["GET"]}}],"collection":[{"href":"https:\/\/www.buehnen.pl\/blog\/wp-json\/wp\/v2\/posts"}],"about":[{"href":"https:\/\/www.buehnen.pl\/blog\/wp-json\/wp\/v2\/types\/post"}],"author":[{"embeddable":true,"href":"https:\/\/www.buehnen.pl\/blog\/wp-json\/wp\/v2\/users\/2"}],"replies":[{"embeddable":true,"href":"https:\/\/www.buehnen.pl\/blog\/wp-json\/wp\/v2\/comments?post=23"}],"version-history":[{"count":2,"href":"https:\/\/www.buehnen.pl\/blog\/wp-json\/wp\/v2\/posts\/23\/revisions"}],"predecessor-version":[{"id":51,"href":"https:\/\/www.buehnen.pl\/blog\/wp-json\/wp\/v2\/posts\/23\/revisions\/51"}],"wp:featuredmedia":[{"embeddable":true,"href":"https:\/\/www.buehnen.pl\/blog\/wp-json\/wp\/v2\/media\/28"}],"wp:attachment":[{"href":"https:\/\/www.buehnen.pl\/blog\/wp-json\/wp\/v2\/media?parent=23"}],"wp:term":[{"taxonomy":"category","embeddable":true,"href":"https:\/\/www.buehnen.pl\/blog\/wp-json\/wp\/v2\/categories?post=23"},{"taxonomy":"post_tag","embeddable":true,"href":"https:\/\/www.buehnen.pl\/blog\/wp-json\/wp\/v2\/tags?post=23"}],"curies":[{"name":"wp","href":"https:\/\/api.w.org\/{rel}","templated":true}]}}