{"id":251,"date":"2023-10-03T10:54:49","date_gmt":"2023-10-03T08:54:49","guid":{"rendered":"https:\/\/www.buehnen.pl\/blog\/?p=251"},"modified":"2023-09-28T10:55:30","modified_gmt":"2023-09-28T08:55:30","slug":"co-to-jest-dysza-z-wkladem-kapilarnym","status":"publish","type":"post","link":"https:\/\/www.buehnen.pl\/blog\/co-to-jest-dysza-z-wkladem-kapilarnym\/","title":{"rendered":"Co to jest dysza z wk\u0142adem kapilarnym?"},"content":{"rendered":"\n<figure class=\"wp-block-pullquote\" style=\"font-style:italic;font-weight:200\"><blockquote><p><em>Termin \u201ekapilara\u201d pochodzi od \u0142aci\u0144skiego s\u0142owa \u201ecapillus\u201d, kt\u00f3re oznacza \u201ew\u0142os\u201d.<\/em><\/p><\/blockquote><\/figure>\n\n\n<div class=\"wp-block-image\">\n<figure class=\"alignright size-full is-resized\"><img loading=\"lazy\" decoding=\"async\" src=\"https:\/\/www.buehnen.de\/blog\/wp-content\/uploads\/2023\/09\/Duesenkegel-mit-Kapillar.jpg\" alt=\"\" class=\"wp-image-1237\" style=\"width:220px;height:220px\" width=\"220\" height=\"220\"\/><\/figure>\n<\/div>\n\n\n<p>Kapilary to male\u0144kie rurki o bardzo ma\u0142ej \u015brednicy wewn\u0119trznej, kt\u00f3re s\u0105 umieszczone w korpusie dysz liniowych. Dysze te s\u0105 u\u017cywane do precyzyjnego nak\u0142adania kleju Hot Melt.<\/p>\n\n\n\n<p><strong>Precyzja:<\/strong> Dysze z wk\u0142adem kapilarnym umo\u017cliwiaj\u0105 niezwykle precyzyjne dozowanie klej\u00f3w Hot Melt. Ma to kluczowe znaczenie dla zapewnienia, \u017ce klej jest nak\u0142adany dok\u0142adnie tam, gdzie jest potrzebny, niezale\u017cnie od tego, czy chodzi o przemys\u0142 opakowaniowy, obr\u00f3bk\u0119 drewna czy produkcj\u0119 samochod\u00f3w.<\/p>\n\n\n\n<p><strong>Ochrona przed zatykaniem:<\/strong> Dzi\u0119ki ma\u0142ej \u015brednicy dysze z wk\u0142adem kapilarnym s\u0105 mniej podatne na zatykanie i zapewniaj\u0105 p\u0142ynn\u0105 aplikacj\u0119 kleju.<\/p>\n\n\n\n<p>Dysze z wk\u0142adem kapilarnym to ma\u0142e, ale niezwykle wa\u017cne narz\u0119dzia, kt\u00f3re umo\u017cliwiaj\u0105 wydajne i precyzyjne stosowanie klej\u00f3w Hot Melt.<\/p>\n\n\n\n<p class=\"has-text-align-center\"><strong><strong>Im cie\u0144sza \u015bcianka materia\u0142u, tym lepsze zrywanie nitek kleju Hot Melt.<\/strong><\/strong><\/p>\n\n\n<div class=\"wp-block-image\">\n<figure class=\"aligncenter size-full\"><img decoding=\"async\" src=\"https:\/\/www.buehnen.de\/blog\/wp-content\/uploads\/2023\/09\/kapillarduese_zeichnung.jpg\" alt=\"\" class=\"wp-image-1238\"\/><\/figure>\n<\/div>\n\n\n<div class=\"wp-block-buttons is-layout-flex wp-block-buttons-is-layout-flex\"><\/div>\n\n\n\n<p class=\"has-text-align-center\"><strong><strong><a href=\"https:\/\/www.buehnen.pl\/kontakt-pl\" data-type=\"link\" data-id=\"https:\/\/www.buehnen.pl\/kontakt-pl\">Ch\u0119tnie doradzimy w zakresie mo\u017cliwych zastosowa\u0144 dysz z wk\u0142adem kapilarnym.<\/a><\/strong><\/strong><\/p>\n","protected":false},"excerpt":{"rendered":"<p>Wtorek z terminem specjalistycznym: Szukasz dyszy liniowej do precyzyjnej aplikacji? Czy znasz ju\u017c dysze z wk\u0142adem kapilarnym?<\/p>\n","protected":false},"author":1,"featured_media":0,"comment_status":"open","ping_status":"open","sticky":false,"template":"","format":"standard","meta":{"jetpack_post_was_ever_published":false,"_jetpack_newsletter_access":"","_jetpack_dont_email_post_to_subs":false,"_jetpack_newsletter_tier_id":0,"_jetpack_memberships_contains_paywalled_content":false,"_jetpack_memberships_contains_paid_content":false,"footnotes":"","jetpack_publicize_message":"","jetpack_publicize_feature_enabled":true,"jetpack_social_post_already_shared":true,"jetpack_social_options":{"image_generator_settings":{"template":"highway","default_image_id":0,"font":"","enabled":false},"version":2}},"categories":[28],"tags":[],"class_list":["post-251","post","type-post","status-publish","format-standard","hentry","category-termin-fachowy-na-wtorek"],"jetpack_publicize_connections":[],"jetpack_featured_media_url":"","jetpack_sharing_enabled":true,"jetpack_likes_enabled":true,"_links":{"self":[{"href":"https:\/\/www.buehnen.pl\/blog\/wp-json\/wp\/v2\/posts\/251","targetHints":{"allow":["GET"]}}],"collection":[{"href":"https:\/\/www.buehnen.pl\/blog\/wp-json\/wp\/v2\/posts"}],"about":[{"href":"https:\/\/www.buehnen.pl\/blog\/wp-json\/wp\/v2\/types\/post"}],"author":[{"embeddable":true,"href":"https:\/\/www.buehnen.pl\/blog\/wp-json\/wp\/v2\/users\/1"}],"replies":[{"embeddable":true,"href":"https:\/\/www.buehnen.pl\/blog\/wp-json\/wp\/v2\/comments?post=251"}],"version-history":[{"count":1,"href":"https:\/\/www.buehnen.pl\/blog\/wp-json\/wp\/v2\/posts\/251\/revisions"}],"predecessor-version":[{"id":252,"href":"https:\/\/www.buehnen.pl\/blog\/wp-json\/wp\/v2\/posts\/251\/revisions\/252"}],"wp:attachment":[{"href":"https:\/\/www.buehnen.pl\/blog\/wp-json\/wp\/v2\/media?parent=251"}],"wp:term":[{"taxonomy":"category","embeddable":true,"href":"https:\/\/www.buehnen.pl\/blog\/wp-json\/wp\/v2\/categories?post=251"},{"taxonomy":"post_tag","embeddable":true,"href":"https:\/\/www.buehnen.pl\/blog\/wp-json\/wp\/v2\/tags?post=251"}],"curies":[{"name":"wp","href":"https:\/\/api.w.org\/{rel}","templated":true}]}}