{"id":30,"date":"2021-12-13T07:23:00","date_gmt":"2021-12-13T06:23:00","guid":{"rendered":"https:\/\/www.buehnen.pl\/blog\/?p=30"},"modified":"2021-12-01T14:30:10","modified_gmt":"2021-12-01T13:30:10","slug":"hb-181-lt","status":"publish","type":"post","link":"https:\/\/www.buehnen.pl\/blog\/hb-181-lt\/","title":{"rendered":"120 \u00b0C \u2013 Mniej znaczy wi\u0119cej: HB 181 LT"},"content":{"rendered":"\n<p>Nasz najmniejszy pistolet do klejenia na gor\u0105co HB 181 dost\u0119pny jest nie tylko w wersji standardowej, ale r\u00f3wnie\u017c w <strong>wersji LT<\/strong>. LT to skr\u00f3t od <em>low temperature<\/em>, czyli niskiej temperatury.<\/p>\n\n\n\n<div class=\"wp-block-image\"><figure class=\"aligncenter size-full is-resized\"><img loading=\"lazy\" decoding=\"async\" src=\"https:\/\/www.buehnen.pl\/blog\/wp-content\/uploads\/2021\/12\/Bild1.jpg\" alt=\"\" class=\"wp-image-52\" width=\"400\" height=\"400\" srcset=\"https:\/\/www.buehnen.pl\/blog\/wp-content\/uploads\/2021\/12\/Bild1.jpg 300w, https:\/\/www.buehnen.pl\/blog\/wp-content\/uploads\/2021\/12\/Bild1-150x150.jpg 150w\" sizes=\"auto, (max-width: 400px) 100vw, 400px\" \/><figcaption>HB 181 LT<\/figcaption><\/figure><\/div>\n\n\n\n<p>Oba pistolety do klejenia na gor\u0105co dostarczane s\u0105 <strong>ze sta\u0142\u0105 regulacj\u0105 temperatury<\/strong>, co czyni je szczeg\u00f3lnie atrakcyjnymi dla klient\u00f3w, kt\u00f3rzy zwracaj\u0105 uwag\u0119 na koszty, a tak\u017ce dla sektora hobbistycznego.<\/p>\n\n\n\n<p>HB 181 nagrzewa si\u0119 do 190\u00b0C, a <a href=\"https:\/\/www.buehnen.pl\/urzadzenia\/reczne-pistolety-mechaniczne\/hb-181-lt-detail\">HB 181 LT<\/a> do <strong>120\u00b0C<\/strong>.<\/p>\n\n\n\n<p>Ni\u017csze temperatury oznaczaj\u0105 <strong>mniejsze zu\u017cycie energii<\/strong>. \u201eCh\u0142odniejsza\u201d temperatura umo\u017cliwia klejenie materia\u0142\u00f3w, kt\u00f3re s\u0105 <strong>wra\u017cliwe na temperatur\u0119<\/strong>, jak na przyk\u0142ad styropian lub dekoracje ze sztucznymi i prawdziwymi ro\u015blinami.<\/p>\n\n\n\n<div class=\"wp-block-image\"><figure class=\"alignright size-full is-resized\"><img loading=\"lazy\" decoding=\"async\" src=\"https:\/\/www.buehnen.pl\/blog\/wp-content\/uploads\/2021\/12\/A2738_300-LT.jpg\" alt=\"\" class=\"wp-image-53\" width=\"200\" height=\"200\" srcset=\"https:\/\/www.buehnen.pl\/blog\/wp-content\/uploads\/2021\/12\/A2738_300-LT.jpg 458w, https:\/\/www.buehnen.pl\/blog\/wp-content\/uploads\/2021\/12\/A2738_300-LT-300x300.jpg 300w, https:\/\/www.buehnen.pl\/blog\/wp-content\/uploads\/2021\/12\/A2738_300-LT-150x150.jpg 150w\" sizes=\"auto, (max-width: 200px) 100vw, 200px\" \/><\/figure><\/div>\n\n\n\n<p>Podczas korzystania z <strong>niskotemperaturowych pistolet\u00f3w do klejenia<\/strong> wa\u017cne jest, aby u\u017cywa\u0107 specjalistycznych klej\u00f3w. Model <a href=\"https:\/\/www.buehnen.pl\/kleje\/niskich-temperatur\/eva_2738-300-detail\">A2738-300 LT<\/a> mo\u017ce niezawodnie skleja\u0107 <strong>drewno, papier, tektur\u0119, tekstylia,<\/strong> a tak\u017ce <strong>tworzywa sztuczne<\/strong> w temperaturze 120\u00b0C. Dzi\u0119ki d\u0142ugo\u015bci 300 mm nie trzeba cz\u0119sto wymienia\u0107 sztyft\u00f3w. Poniewa\u017c klej EVA jest zgodny z <strong>wytycznymi FDA 175.105<\/strong>, mo\u017ce by\u0107 stosowany do pakowania \u017cywno\u015bci. Niska temperatura kleju Hot Melt jest szczeg\u00f3lnie przydatna podczas pakowania przedmiot\u00f3w wra\u017cliwych na dzia\u0142anie temperatury, chroni\u0105c je tym samym przed uszkodzeniami.<\/p>\n\n\n\n<h2 class=\"wp-block-heading\"><strong>Trwa\u0142e klejenie przy takiej samej wydajno\u015bci!<\/strong><\/h2>\n\n\n\n<p>Kleje i urz\u0105dzenia niskotemperaturowe to wa\u017cny krok w kierunku <strong>ograniczenia emisji CO<\/strong><sub>2<\/sub>. Je\u017celi chcecie by\u0107 na bie\u017c\u0105co z informacjami dotycz\u0105cymi \u201e<strong>Zr\u00f3wnowa\u017conego klejenia przy takiej samej wydajno\u015bci<\/strong>\u201d, koniecznie odwied\u017acie nasz blog i stron\u0119 firmow\u0105 na LinkedIn.<\/p>\n\n\n\n<p><strong>Czy Twoja firma podejmuje kroki w celu ograniczenia emisji CO<sub>2<\/sub>? Zostaw komentarz!<\/strong><strong><\/strong><\/p>\n","protected":false},"excerpt":{"rendered":"<p>Czy Twoja firma podejmuje kroki w celu ograniczenia emisji CO2? Model HB 181 jest dost\u0119pny w wersji niskotemperaturowej: ni\u017csza temperatura = mniejsze zu\u017cycie.<\/p>\n","protected":false},"author":2,"featured_media":38,"comment_status":"open","ping_status":"open","sticky":false,"template":"","format":"standard","meta":{"jetpack_post_was_ever_published":false,"_jetpack_newsletter_access":"","_jetpack_dont_email_post_to_subs":false,"_jetpack_newsletter_tier_id":0,"_jetpack_memberships_contains_paywalled_content":false,"_jetpack_memberships_contains_paid_content":false,"footnotes":"","jetpack_publicize_message":"","jetpack_publicize_feature_enabled":true,"jetpack_social_post_already_shared":false,"jetpack_social_options":{"image_generator_settings":{"template":"highway","default_image_id":0,"font":"","enabled":false},"version":2}},"categories":[7],"tags":[10],"class_list":["post-30","post","type-post","status-publish","format-standard","has-post-thumbnail","hentry","category-spotlight","tag-co2"],"jetpack_publicize_connections":[],"jetpack_featured_media_url":"https:\/\/www.buehnen.pl\/blog\/wp-content\/uploads\/2021\/12\/Beitragsbild-HB181LT.jpg","jetpack_sharing_enabled":true,"jetpack_likes_enabled":true,"_links":{"self":[{"href":"https:\/\/www.buehnen.pl\/blog\/wp-json\/wp\/v2\/posts\/30","targetHints":{"allow":["GET"]}}],"collection":[{"href":"https:\/\/www.buehnen.pl\/blog\/wp-json\/wp\/v2\/posts"}],"about":[{"href":"https:\/\/www.buehnen.pl\/blog\/wp-json\/wp\/v2\/types\/post"}],"author":[{"embeddable":true,"href":"https:\/\/www.buehnen.pl\/blog\/wp-json\/wp\/v2\/users\/2"}],"replies":[{"embeddable":true,"href":"https:\/\/www.buehnen.pl\/blog\/wp-json\/wp\/v2\/comments?post=30"}],"version-history":[{"count":3,"href":"https:\/\/www.buehnen.pl\/blog\/wp-json\/wp\/v2\/posts\/30\/revisions"}],"predecessor-version":[{"id":55,"href":"https:\/\/www.buehnen.pl\/blog\/wp-json\/wp\/v2\/posts\/30\/revisions\/55"}],"wp:featuredmedia":[{"embeddable":true,"href":"https:\/\/www.buehnen.pl\/blog\/wp-json\/wp\/v2\/media\/38"}],"wp:attachment":[{"href":"https:\/\/www.buehnen.pl\/blog\/wp-json\/wp\/v2\/media?parent=30"}],"wp:term":[{"taxonomy":"category","embeddable":true,"href":"https:\/\/www.buehnen.pl\/blog\/wp-json\/wp\/v2\/categories?post=30"},{"taxonomy":"post_tag","embeddable":true,"href":"https:\/\/www.buehnen.pl\/blog\/wp-json\/wp\/v2\/tags?post=30"}],"curies":[{"name":"wp","href":"https:\/\/api.w.org\/{rel}","templated":true}]}}