{"id":45,"date":"2021-12-24T11:09:00","date_gmt":"2021-12-24T10:09:00","guid":{"rendered":"https:\/\/www.buehnen.pl\/blog\/?p=45"},"modified":"2021-12-24T11:10:46","modified_gmt":"2021-12-24T10:10:46","slug":"wesolych-swiat","status":"publish","type":"post","link":"https:\/\/www.buehnen.pl\/blog\/wesolych-swiat\/","title":{"rendered":"Weso\u0142ych \u015awi\u0105t!"},"content":{"rendered":"\n<p>Dzisiaj przesy\u0142amy \u017cyczenia \u015bwi\u0105teczne do wszystkich zak\u0105tk\u00f3w na \u015bwiecie: Rok 2021 wraz ze swoimi wzlotami i upadkami powoli dobiega ko\u0144ca.<\/p>\n\n\n\n<p>C\u00f3\u017c to by\u0142 za okres! Teraz, gdy nadchodzi czas na odrobin\u0119 wytchnienia, chcemy skorzysta\u0107 z okazji i jeszcze raz osobi\u015bcie Wam podzi\u0119kowa\u0107.<br><br><strong>Dzi\u0119kujemy<\/strong> <strong>za Wasze zaufanie, kt\u00f3rym obdarzyli\u015bcie firm\u0119 B\u00dcHNEN w 2021 roku!<\/strong> Oraz dzi\u0119kujemy za zrealizowane projekty i wyzwania, kt\u00f3rym wsp\u00f3lnie stawili\u015bmy czo\u0142a. Z niecierpliwo\u015bci\u0105 czekamy, aby wraz z naszym 100-osobowym zespo\u0142em utwierdzi\u0107 Was w 2022 roku w przekonaniu, \u017ce warto by\u0142o postawi\u0107 na nasze bezpieczne po\u0142\u0105czenia.<\/p>\n\n\n\n<figure class=\"wp-block-image size-large\"><img loading=\"lazy\" decoding=\"async\" width=\"1024\" height=\"683\" src=\"https:\/\/www.buehnen.pl\/blog\/wp-content\/uploads\/2021\/12\/Advent40-1024x683.jpg\" alt=\"\" class=\"wp-image-58\" srcset=\"https:\/\/www.buehnen.pl\/blog\/wp-content\/uploads\/2021\/12\/Advent40-1024x683.jpg 1024w, https:\/\/www.buehnen.pl\/blog\/wp-content\/uploads\/2021\/12\/Advent40-300x200.jpg 300w, https:\/\/www.buehnen.pl\/blog\/wp-content\/uploads\/2021\/12\/Advent40-768x512.jpg 768w, https:\/\/www.buehnen.pl\/blog\/wp-content\/uploads\/2021\/12\/Advent40-1536x1024.jpg 1536w, https:\/\/www.buehnen.pl\/blog\/wp-content\/uploads\/2021\/12\/Advent40-2048x1365.jpg 2048w\" sizes=\"auto, (max-width: 1024px) 100vw, 1024px\" \/><\/figure>\n\n\n\n<p><\/p>\n","protected":false},"excerpt":{"rendered":"<p>Weso\u0142ych \u015awi\u0105t \u017cyczy Wam ca\u0142y zesp\u00f3\u0142 B\u00dcHNEN!<\/p>\n","protected":false},"author":2,"featured_media":47,"comment_status":"open","ping_status":"open","sticky":false,"template":"","format":"standard","meta":{"jetpack_post_was_ever_published":false,"_jetpack_newsletter_access":"","_jetpack_dont_email_post_to_subs":false,"_jetpack_newsletter_tier_id":0,"_jetpack_memberships_contains_paywalled_content":false,"_jetpack_memberships_contains_paid_content":false,"footnotes":"","jetpack_publicize_message":"","jetpack_publicize_feature_enabled":true,"jetpack_social_post_already_shared":false,"jetpack_social_options":{"image_generator_settings":{"template":"highway","default_image_id":0,"font":"","enabled":false},"version":2}},"categories":[1],"tags":[11],"class_list":["post-45","post","type-post","status-publish","format-standard","has-post-thumbnail","hentry","category-ogolne","tag-11"],"jetpack_publicize_connections":[],"jetpack_featured_media_url":"https:\/\/www.buehnen.pl\/blog\/wp-content\/uploads\/2021\/12\/nicholas-6682152-scaled.jpg","jetpack_sharing_enabled":true,"jetpack_likes_enabled":true,"_links":{"self":[{"href":"https:\/\/www.buehnen.pl\/blog\/wp-json\/wp\/v2\/posts\/45","targetHints":{"allow":["GET"]}}],"collection":[{"href":"https:\/\/www.buehnen.pl\/blog\/wp-json\/wp\/v2\/posts"}],"about":[{"href":"https:\/\/www.buehnen.pl\/blog\/wp-json\/wp\/v2\/types\/post"}],"author":[{"embeddable":true,"href":"https:\/\/www.buehnen.pl\/blog\/wp-json\/wp\/v2\/users\/2"}],"replies":[{"embeddable":true,"href":"https:\/\/www.buehnen.pl\/blog\/wp-json\/wp\/v2\/comments?post=45"}],"version-history":[{"count":2,"href":"https:\/\/www.buehnen.pl\/blog\/wp-json\/wp\/v2\/posts\/45\/revisions"}],"predecessor-version":[{"id":59,"href":"https:\/\/www.buehnen.pl\/blog\/wp-json\/wp\/v2\/posts\/45\/revisions\/59"}],"wp:featuredmedia":[{"embeddable":true,"href":"https:\/\/www.buehnen.pl\/blog\/wp-json\/wp\/v2\/media\/47"}],"wp:attachment":[{"href":"https:\/\/www.buehnen.pl\/blog\/wp-json\/wp\/v2\/media?parent=45"}],"wp:term":[{"taxonomy":"category","embeddable":true,"href":"https:\/\/www.buehnen.pl\/blog\/wp-json\/wp\/v2\/categories?post=45"},{"taxonomy":"post_tag","embeddable":true,"href":"https:\/\/www.buehnen.pl\/blog\/wp-json\/wp\/v2\/tags?post=45"}],"curies":[{"name":"wp","href":"https:\/\/api.w.org\/{rel}","templated":true}]}}